{"id":5874,"date":"2022-06-30T12:05:11","date_gmt":"2022-06-30T10:05:11","guid":{"rendered":"https:\/\/orangerienormandie.com\/un-dimanche-de-mai-fouilles-ou-marches-aux-puces\/"},"modified":"2023-03-29T11:19:27","modified_gmt":"2023-03-29T09:19:27","slug":"un-dimanche-de-mai-fouilles-ou-marches-aux-puces","status":"publish","type":"post","link":"https:\/\/orangerienormandie.com\/fr\/un-dimanche-de-mai-fouilles-ou-marches-aux-puces\/","title":{"rendered":"Un dimanche de mai : rel\u00e2cher ou march\u00e9s aux puces ??"},"content":{"rendered":"<h2><strong>Un dimanche de mai<\/strong><\/h2>\n<p>Comme il y a toujours quelque chose \u00e0 faire \u00e0 l&rsquo;Orangerie, je me suis impos\u00e9 la r\u00e8gle de ne pas travailler le dimanche. Ensuite, la tentation est grande de voir combien de combinaisons sont possibles avec les variables suivantes : moi, le chat, le canap\u00e9, une couverture et du chocolat. Mais comme c&rsquo;est dimanche et que je ne travaille pas \u00e0 ce moment-l\u00e0, je ne peux malheureusement pas faire le calcul maintenant, car calcul = travail.<\/p>\n<h3>March\u00e9s aux puces du dimanche<\/h3>\n<p>Donc, certains dimanches, je laisse le d\u00e9fi de calculer le nombre de combinaisons pour ce que c&rsquo;est et je sors. Surtout en mai. Parce que le mois de mai marque le d\u00e9but de la saison des vides greniers. Il semble que tout village qui se respecte organise un march\u00e9 aux puces au mois de mai. Ils sont g\u00e9n\u00e9ralement annonc\u00e9s au bord de la route par un panneau fait \u00e0 la main ou par une feuille A4 accroch\u00e9e \u00e0 un tout petit poteau juste au-dessus du sol &#8211; je faire les calculs que risquer ma vie pour les lire ! Mais qu&rsquo;est-ce que j&rsquo;ai d\u00e9couvert : il y a aussi une application !<\/p>\n<p>Ainsi, le dimanche, autour d&rsquo;un caf\u00e9, je v\u00e9rifie s&rsquo;il y a une brocante, un vide grenier, un vide maison ou quelque chose de similaire dans la r\u00e9gion. L&rsquo;ampleur de l&rsquo;\u00e9v\u00e9nement n&rsquo;est pas toujours \u00e9vidente, parfois 3 tables, plus souvent une pr\u00e9 fauch\u00e9e avec une vingtaine d&rsquo;\u00e9tals et tr\u00e8s occasionnellement un v\u00e9ritable march\u00e9 avec toutes sortes de choses.<\/p>\n<p><img loading=\"lazy\" decoding=\"async\" class=\"alignnone size-full wp-image-2683\" src=\"http:\/\/orangerienormandie.com.greenhostpreview.nl\/wp-content\/uploads\/2018\/10\/rommelmarkten-brocante-franktijk-omgeving-vakantiehuis-orangerie-normandie.jpg\" alt=\"\" width=\"1200\" height=\"800\" srcset=\"https:\/\/orangerienormandie.com\/wp-content\/uploads\/2018\/10\/rommelmarkten-brocante-franktijk-omgeving-vakantiehuis-orangerie-normandie.jpg 1200w, https:\/\/orangerienormandie.com\/wp-content\/uploads\/2018\/10\/rommelmarkten-brocante-franktijk-omgeving-vakantiehuis-orangerie-normandie-768x512.jpg 768w, https:\/\/orangerienormandie.com\/wp-content\/uploads\/2018\/10\/rommelmarkten-brocante-franktijk-omgeving-vakantiehuis-orangerie-normandie-1144x763.jpg 1144w\" sizes=\"auto, (max-width: 1200px) 100vw, 1200px\" \/><\/p>\n<h3>Apporter des \u00e9peces<\/h3>\n<p>J&rsquo;ai d\u00e9j\u00e0 appris de sages le\u00e7ons, avoir peu d&rsquo;argent est un must, si vous voyez quelque chose que vous aimez, vous ne devriez pas penser : je reviendrai \u00e0 pied parce qu&rsquo;alors vous ne pouvez pas le trouver \u00e0 coup s\u00fbr et j&rsquo;ai une pr\u00e9dilection malsaine pour les verres et tout ce qui touche \u00e0 la c\u00e9ramique.<\/p>\n<p>Ces deux derniers dimanches, j&rsquo;ai r\u00e9ussi \u00e0 acheter un ensemble au coin du feu, une vingtaine de verres pour 5 euros et une cl\u00f4ture. Oui, une cl\u00f4ture &#8211; j&rsquo;expliquerai plus tard. Et des chaises, vraiment de l&rsquo;\u00e9poque Louis XVI (?!?) Je les adore.<\/p>\n<p><img loading=\"lazy\" decoding=\"async\" class=\"alignnone size-full wp-image-2681\" src=\"http:\/\/orangerienormandie.com.greenhostpreview.nl\/wp-content\/uploads\/2018\/10\/fauteuils-rommelmarkten-brocante-franktijk-omgeving-vakantiehuis-orangerie-normandie.jpg\" alt=\"\" width=\"1200\" height=\"1010\" srcset=\"https:\/\/orangerienormandie.com\/wp-content\/uploads\/2018\/10\/fauteuils-rommelmarkten-brocante-franktijk-omgeving-vakantiehuis-orangerie-normandie.jpg 1200w, https:\/\/orangerienormandie.com\/wp-content\/uploads\/2018\/10\/fauteuils-rommelmarkten-brocante-franktijk-omgeving-vakantiehuis-orangerie-normandie-768x646.jpg 768w, https:\/\/orangerienormandie.com\/wp-content\/uploads\/2018\/10\/fauteuils-rommelmarkten-brocante-franktijk-omgeving-vakantiehuis-orangerie-normandie-1144x963.jpg 1144w\" sizes=\"auto, (max-width: 1200px) 100vw, 1200px\" \/><\/p>\n<h3><strong>De bonnes math\u00e9matiques ?<\/strong><\/h3>\n<p>Et ces verres ? Je l&rsquo;ai d\u00e9j\u00e0 vu chez moi, sur une table joliment dress\u00e9e \u00e0 l&rsquo;ext\u00e9rieur. Pas trop grand avec un joli motif et en 3 tailles. J&rsquo;ai donc discut\u00e9 avec le vendeur \u2013 \u00ab2 euros, le gros\u00bb, m&rsquo;a-t-il dit. Je facture, pas mon passe-temps, 2 euros par verre, \u00e7a s&rsquo;additionne &#8211; que dois-je faire alors.. il dit : \u00ab2 euros pour tous\u00bb. \u00abOh,\u2026 et le plus petit alors ? \u00ab Celui-l\u00e0 ? 1 euro.\u00bb \u00ab Et toute cette rang\u00e9e d&rsquo;encore plus petits ?\u00bb \u00ab3 !\u00bb \u00abEt tout???\u00bb Il s&rsquo;av\u00e8re que cet homme n&rsquo;aime pas non plus les maths : \u00ab5 euros !\u00bb &#8211; \u00abEmballer!\u00bb<\/p>\n<p><img loading=\"lazy\" decoding=\"async\" class=\"alignnone size-full wp-image-2682\" src=\"http:\/\/orangerienormandie.com.greenhostpreview.nl\/wp-content\/uploads\/2018\/10\/Glazen-rommelmarkten-brocante-franktijk-omgeving-vakantiehuis-orangerie-normandie.jpg\" alt=\"\" width=\"1200\" height=\"800\" srcset=\"https:\/\/orangerienormandie.com\/wp-content\/uploads\/2018\/10\/Glazen-rommelmarkten-brocante-franktijk-omgeving-vakantiehuis-orangerie-normandie.jpg 1200w, https:\/\/orangerienormandie.com\/wp-content\/uploads\/2018\/10\/Glazen-rommelmarkten-brocante-franktijk-omgeving-vakantiehuis-orangerie-normandie-768x512.jpg 768w, https:\/\/orangerienormandie.com\/wp-content\/uploads\/2018\/10\/Glazen-rommelmarkten-brocante-franktijk-omgeving-vakantiehuis-orangerie-normandie-1144x763.jpg 1144w\" sizes=\"auto, (max-width: 1200px) 100vw, 1200px\" \/><\/p>\n","protected":false},"excerpt":{"rendered":"<p>Vais-je opter pour une combinaison entre le chat, le canap\u00e9, une couverture et\/ou du chocolat ce dimanche ? Ou dois-je opter pour le march\u00e9 aux puces le plus proche ? Il est toujours possible d&rsquo;en trouver un, qu&rsquo;il s&rsquo;agisse de quelques tables ou de p\u00e2turages pleins. Une belle sortie. De plus, si vous ne voulez pas faire de math\u00e9matiques&#8230;<\/p>\n","protected":false},"author":1,"featured_media":3882,"comment_status":"closed","ping_status":"closed","sticky":false,"template":"","format":"standard","meta":{"footnotes":""},"categories":[79],"tags":[89,91,103,93,107],"class_list":["post-5874","post","type-post","status-publish","format-standard","has-post-thumbnail","hentry","category-environs","tag-brocante-fr","tag-france-fr","tag-lenvirons-lorangerie","tag-normandie-fr","tag-vide-grenier","cat-79-id","has_thumb",null],"_links":{"self":[{"href":"https:\/\/orangerienormandie.com\/fr\/wp-json\/wp\/v2\/posts\/5874","targetHints":{"allow":["GET"]}}],"collection":[{"href":"https:\/\/orangerienormandie.com\/fr\/wp-json\/wp\/v2\/posts"}],"about":[{"href":"https:\/\/orangerienormandie.com\/fr\/wp-json\/wp\/v2\/types\/post"}],"author":[{"embeddable":true,"href":"https:\/\/orangerienormandie.com\/fr\/wp-json\/wp\/v2\/users\/1"}],"replies":[{"embeddable":true,"href":"https:\/\/orangerienormandie.com\/fr\/wp-json\/wp\/v2\/comments?post=5874"}],"version-history":[{"count":1,"href":"https:\/\/orangerienormandie.com\/fr\/wp-json\/wp\/v2\/posts\/5874\/revisions"}],"predecessor-version":[{"id":6073,"href":"https:\/\/orangerienormandie.com\/fr\/wp-json\/wp\/v2\/posts\/5874\/revisions\/6073"}],"wp:featuredmedia":[{"embeddable":true,"href":"https:\/\/orangerienormandie.com\/fr\/wp-json\/wp\/v2\/media\/3882"}],"wp:attachment":[{"href":"https:\/\/orangerienormandie.com\/fr\/wp-json\/wp\/v2\/media?parent=5874"}],"wp:term":[{"taxonomy":"category","embeddable":true,"href":"https:\/\/orangerienormandie.com\/fr\/wp-json\/wp\/v2\/categories?post=5874"},{"taxonomy":"post_tag","embeddable":true,"href":"https:\/\/orangerienormandie.com\/fr\/wp-json\/wp\/v2\/tags?post=5874"}],"curies":[{"name":"wp","href":"https:\/\/api.w.org\/{rel}","templated":true}]}}